{"id":393820,"date":"2024-03-03T10:50:10","date_gmt":"2024-03-03T09:50:10","guid":{"rendered":"https:\/\/troba.net\/discoforum\/?p=393820"},"modified":"2026-03-23T21:13:57","modified_gmt":"2026-03-23T20:13:57","slug":"calidoscopi-mozart","status":"publish","type":"post","link":"https:\/\/troba.net\/discoforum\/calidoscopi-mozart\/","title":{"rendered":"Calidoscopi Mozart"},"content":{"rendered":"\n<div class=\"et_pb_section_0 et_pb_section et_section_regular et_block_section\"><span class=\"et_pb_background_pattern\"><\/span><div class=\"et_pb_row_0 et_pb_row et_block_row\"><div class=\"et_pb_column_0 et_pb_column et_pb_column_4_4 et-last-child et_block_column et_pb_css_mix_blend_mode_passthrough\"><div class=\"et_pb_text_0 et_pb_text et_pb_bg_layout_light et_pb_module et_block_module\"><div class=\"et_pb_text_inner\"><h1><span style=\"text-decoration: underline;\">Calidoscopi Mozart<br \/><\/span><\/h1>\n<h1><\/h1>\n<\/div><\/div><\/div><\/div><div class=\"et_pb_row_1 et_pb_row et_pb_equal_columns et_block_row\"><div class=\"et_pb_column_1 et_pb_column et_pb_column_1_2 et_block_column et_pb_css_mix_blend_mode_passthrough\"><div class=\"et_pb_text_1 et_pb_text et_pb_bg_layout_light et_pb_module et_block_module et_pb_text_align_right et_pb_text_align_left-tablet et_pb_text_align_left-phone\"><div class=\"et_pb_text_inner\"><p>12 d'abril del 2023<\/p>\n<p>Presentador: Josep Izquierdo<\/p>\n<\/div><\/div><\/div><div class=\"et_pb_column_2 et_pb_column et_pb_column_1_2 et-last-child et_block_column et_pb_css_mix_blend_mode_passthrough\"><div class=\"et_pb_image_0 et_pb_image et_pb_module et_block_module\"><span class=\"et_pb_image_wrap\"><img loading=\"lazy\" decoding=\"async\" src=\"https:\/\/troba.net\/discoforum\/wp-content\/uploads\/2024\/03\/Josep-Izquierdo.jpg\" width=\"300\" height=\"420\" srcset=\"https:\/\/troba.net\/discoforum\/wp-content\/uploads\/2024\/03\/Josep-Izquierdo.jpg 300w, https:\/\/troba.net\/discoforum\/wp-content\/uploads\/2024\/03\/Josep-Izquierdo-214x300.jpg 214w\" sizes=\"(max-width: 300px) 100vw, 300px\" class=\"wp-image-393204\" title=\"Josep Izquierdo\" \/><\/span><\/div><\/div><\/div><\/div><div class=\"et_pb_section_1 et_pb_section et_section_regular et_block_section\"><span class=\"et_pb_background_pattern\"><\/span><div class=\"et_pb_row_2 et_pb_row et_block_row\"><div class=\"et_pb_column_3 et_pb_column et_pb_column_4_4 et-last-child et_block_column et_pb_css_mix_blend_mode_passthrough\"><div class=\"et_pb_text_2 et_pb_text et_pb_bg_layout_light et_pb_module et_block_module et_pb_text_align_center\"><div class=\"et_pb_text_inner\"><p>Programa<\/p>\n<\/div><\/div><\/div><\/div><div class=\"et_pb_row_3 et_pb_row et_pb_equal_columns et_block_row\"><div class=\"et_pb_column_4 et_pb_column et_pb_column_1_2 et_block_column et_pb_css_mix_blend_mode_passthrough\"><div class=\"et_pb_image_1 et_pb_image et_pb_module et_block_module\"><span class=\"et_pb_image_wrap\"><img loading=\"lazy\" decoding=\"async\" src=\"https:\/\/troba.net\/discoforum\/wp-content\/uploads\/2024\/03\/Mozart-900x600-1.jpeg\" width=\"900\" height=\"600\" srcset=\"https:\/\/troba.net\/discoforum\/wp-content\/uploads\/2024\/03\/Mozart-900x600-1.jpeg 900w, https:\/\/troba.net\/discoforum\/wp-content\/uploads\/2024\/03\/Mozart-900x600-1-480x320.jpeg 480w\" sizes=\"(min-width: 0px) and (max-width: 480px) 480px, (min-width: 481px) 900px, 100vw\" class=\"wp-image-393537\" title=\"Mozart 900x600\" \/><\/span><\/div><div class=\"et_pb_text_3 et_pb_text et_pb_bg_layout_light et_pb_module et_block_module\"><div class=\"et_pb_text_inner\"><h2><span style=\"text-decoration: underline; color: #000080;\"><a href=\"https:\/\/troba.net\/discoforum\/wp-content\/uploads\/2024\/03\/2023-04-12-Calidoscopi-Mozart.pdf\" style=\"color: #000080; text-decoration: underline;\">Prem aqu\u00ed per baixar-te el programa<\/a><\/span><\/h2>\n<\/div><\/div><\/div><div class=\"et_pb_column_5 et_pb_column et_pb_column_1_2 et-last-child et_block_column et_pb_css_mix_blend_mode_passthrough\"><div class=\"et_pb_tabs_0 et_pb_tabs et_pb_module\"><ul class=\"et_pb_tabs_controls clearfix\"><li class=\"et_pb_tab_nav_item_0 et_pb_tab_nav_item et_pb_tab_0 et_pb_tab_active\"><a class=\"et_pb_tab_nav_item_link\" href=\"#\">REPERTORI<\/a><\/li><li class=\"et_pb_tab_nav_item_1 et_pb_tab_nav_item et_pb_tab_1\"><a class=\"et_pb_tab_nav_item_link\" href=\"#\">COMENTARI<\/a><\/li><\/ul><div class=\"et_pb_all_tabs\"><div class=\"et_pb_tab_0 et_pb_tab clearfix et_pb_active_content et_pb_module et_block_module\"><div class=\"et_pb_tab_content\"><ul>\n<li>Simfonia concertant K 364 \u2013 1er. Movim.: Allegro Maestoso \u2013 Viol\u00ed: Bomsori Kim, viola: Catarina Bodrik, orquestra: Polish Radio Chamber. Direc.: Agnieska Douzmal.<\/li>\n<li>Voi avete un cor fedele K 217 (Aria) \u2013 Soprano: Regula Mulhemann, Basel Chamber Orquestre. Direc.: Umberto Benedetti.<\/li>\n<li>Exultate jubilate \u2013 Aleluia (Arias) \u2013 Soprano: Regula Mulhemann, Staalkapelle Dresden Orquestre. Direc.: Andr\u00e9s Orozco.<\/li>\n<li>Sinfonia n\u00ba 29 en la major K 201 \u2013 Movim. 1 Allegro Moderato i Movim. 2 Allegro con spirito \u2013 Orquestra Filarm\u00f3nica de Viena Direc. Karl B\u00f6hm.<\/li>\n<li>Grans arias de Mozart - Orquestra Staaskapelle de Berl\u00edn. Director: Julien Salemkour.\n<ul>\n<li>La Flauta M\u00e1gica \"Papageno-Papagena\" \u2013 Thomas Quasthoff (bariton) Sylvia Schwart (soprano)<\/li>\n<li>Les noces de F\u00edgaro \"Giunse alfin il momento Deh vieni, non tardare\" \u2013 Sylvia Schwart (soprano)<\/li>\n<li>Concert Aria for bass K 612 \"Per questa bella mano\" \u2013 Thomas Quasthoff (baix), Cristoph Anacker (cello baix)<\/li>\n<li>La Flauta M\u00e1gica \"Ein M\u00e4dchen oder Weibchen\" \u2013 Thomas Quasthoff (bariton), Julien Salemkour (clavicordi)<\/li>\n<\/ul>\n<\/li>\n<\/ul>\n<\/div><\/div><div class=\"et_pb_tab_1 et_pb_tab clearfix et_pb_module et_block_module\"><div class=\"et_pb_tab_content\"><p><strong>L\u2019adjectiu mozarti\u00e0\u00a0<\/strong><\/p>\n<p><em>Beethoven \u00e9s el compositor del que m\u00e9s en parlar\u00e0 la hist\u00f2ria; Mozart?...\u00a0 Mozart \u00e9s diferent, \u00e9s \u00fanic, el m\u00e9s gran!<br \/>\nGioacchino Rossini<\/em><\/p>\n<p>Amb el reconeixement que mereixen les capacitats t\u00e8cniques\u00a0 intel\u00b7lectuals i creatives dels grans mestres de la m\u00fasica, encotillar el seu talent en una escala de valors \u00e9s una tasca poc seriosa, un intent d\u2019imposar criteris a una expressi\u00f3 humana tant sols tangible des de la perspectiva individual, m\u00e9s enll\u00e0 de valoracions establertes. El nostre propi intel\u00b7lecte, amb criteris art\u00edstics i emocionals, s\u2019erigeix jutge \u00fanic i veritable de totes i cada una de les creacions musicals.<\/p>\n<p>Una obra d\u2019art \u00e9s quelcom m\u00e9s que el domini de la mat\u00e8ria, \u00e9s m\u00e9s abstracte, els elements no son tant sols cient\u00edficament avaluables, entren en joc elements incontrolables que desafien qualsevol an\u00e0lisis intel\u00b7ligent per entrar, amb puresa intr\u00ednseca, en el m\u00f3n de les emocions personals.<\/p>\n<p>La grandesa de Mozart rau precisament en la universalitat de la seva m\u00fasica; la puresa i perfecci\u00f3 de les seves formes han\u00a0 convertit la prodigiosa bellesa de la seva obra en un\u00a0 idioma de comunicaci\u00f3 entre tots els pobles del m\u00f3n.<\/p>\n<p>Quan emprem el mot \u201cmozarti\u00e0\u201d estem parlant del mestratge de les t\u00e8cniques musicals, d\u2019una subtil manifestaci\u00f3 de la m\u00fasica com a element d\u2019expressi\u00f3 i comunicaci\u00f3, d\u2019una transcendent poesia musical i de l\u2019\u00fanic compositor que va dominar tots els llenguatges musicals coneguts fins aleshores i va marcar el cam\u00ed a noves tend\u00e8ncies.<\/p>\n<p>Josep Izquierdo, el nostre ponent d\u2019avui, ens ofereix una variada selecci\u00f3 del cat\u00e0leg del mestre, un calidoscopi de colors musicals on estaran presents tres de les formes que el mestre va dur a extrems propers a la perfecci\u00f3: la simfonia, l\u2019\u00e0ria de concert i l\u2019\u00f2pera.<\/p>\n<\/div><\/div><\/div><\/div><\/div><\/div><\/div><div class=\"et_pb_section_2 et_pb_section et_section_regular et_block_section\"><span class=\"et_pb_background_pattern\"><\/span><div class=\"et_pb_row_4 et_pb_row et_block_row\"><div class=\"et_pb_column_6 et_pb_column et_pb_column_4_4 et-last-child et_block_column et_pb_css_mix_blend_mode_passthrough\"><div class=\"et_pb_text_4 et_pb_text et_pb_bg_layout_light et_pb_module et_block_module\"><div class=\"et_pb_text_inner\"><h4>Dos dels v\u00eddeos seleccionats, disponibles a YouTube<\/h4>\n<\/div><\/div><\/div><\/div><div class=\"et_pb_row_5 et_pb_row et_pb_equal_columns et_block_row\"><div class=\"et_pb_column_7 et_pb_column et_pb_column_1_2 et_block_column et_pb_css_mix_blend_mode_passthrough\"><div class=\"et_pb_image_2 et_pb_image et_pb_module et_block_module\"><a href=\"https:\/\/www.youtube.com\/watch?v=3lUmvPI3lpw%20\"><span class=\"et_pb_image_wrap\"><img loading=\"lazy\" decoding=\"async\" src=\"https:\/\/troba.net\/discoforum\/wp-content\/uploads\/2024\/03\/Voi-avete-un-cor-fedele.jpg\" width=\"1280\" height=\"720\" srcset=\"https:\/\/troba.net\/discoforum\/wp-content\/uploads\/2024\/03\/Voi-avete-un-cor-fedele.jpg 1280w, https:\/\/troba.net\/discoforum\/wp-content\/uploads\/2024\/03\/Voi-avete-un-cor-fedele-980x551.jpg 980w, https:\/\/troba.net\/discoforum\/wp-content\/uploads\/2024\/03\/Voi-avete-un-cor-fedele-480x270.jpg 480w\" sizes=\"(min-width: 0px) and (max-width: 480px) 480px, (min-width: 481px) and (max-width: 980px) 980px, (min-width: 981px) 1280px, 100vw\" class=\"wp-image-393823\" \/><\/span><\/a><\/div><div class=\"et_pb_text_5 et_pb_text et_pb_bg_layout_light et_pb_module et_block_module et_pb_text_align_center\"><div class=\"et_pb_text_inner\"><p>Voi avete un cor fedele - Soprano: Regula Mulhemann<\/p>\n<\/div><\/div><\/div><div class=\"et_pb_column_8 et_pb_column et_pb_column_1_2 et-last-child et_block_column et_pb_css_mix_blend_mode_passthrough\"><div class=\"et_pb_image_3 et_pb_image et_pb_module et_block_module\"><a href=\"https:\/\/www.youtube.com\/watch?v=oyf9uijG0yU%20\"><span class=\"et_pb_image_wrap\"><img loading=\"lazy\" decoding=\"async\" src=\"https:\/\/troba.net\/discoforum\/wp-content\/uploads\/2024\/03\/La-flauta-magica-Papageno-Papagena.jpg\" width=\"1280\" height=\"720\" srcset=\"https:\/\/troba.net\/discoforum\/wp-content\/uploads\/2024\/03\/La-flauta-magica-Papageno-Papagena.jpg 1280w, https:\/\/troba.net\/discoforum\/wp-content\/uploads\/2024\/03\/La-flauta-magica-Papageno-Papagena-980x551.jpg 980w, https:\/\/troba.net\/discoforum\/wp-content\/uploads\/2024\/03\/La-flauta-magica-Papageno-Papagena-480x270.jpg 480w\" sizes=\"(min-width: 0px) and (max-width: 480px) 480px, (min-width: 481px) and (max-width: 980px) 980px, (min-width: 981px) 1280px, 100vw\" class=\"wp-image-393824\" title=\"La flauta m\u00e1gica - Papageno &amp; Papagena\" \/><\/span><\/a><\/div><div class=\"et_pb_text_6 et_pb_text et_pb_bg_layout_light et_pb_module et_block_module et_pb_text_align_center\"><div class=\"et_pb_text_inner\"><p>Grans arias de Mozart - Thomas Quasthoff (bar\u00edton) Sylvia Schwart (soprano).<\/p>\n<\/div><\/div><\/div><\/div><\/div>\n","protected":false},"excerpt":{"rendered":"","protected":false},"author":1,"featured_media":0,"comment_status":"closed","ping_status":"closed","sticky":false,"template":"","format":"standard","meta":{"footnotes":""},"categories":[1],"tags":[],"class_list":["post-393820","post","type-post","status-publish","format-standard","hentry","category-sense-categoria"],"yoast_head":"<!-- This site is optimized with the Yoast SEO plugin v28.3 - https:\/\/yoast.com\/product\/yoast-seo-wordpress\/ -->\n<title>Calidoscopi Mozart - Discof\u00f2rum<\/title>\n<meta name=\"robots\" content=\"index, follow, max-snippet:-1, max-image-preview:large, max-video-preview:-1\" \/>\n<link rel=\"canonical\" href=\"https:\/\/troba.net\/discoforum\/calidoscopi-mozart\/\" \/>\n<meta property=\"og:locale\" content=\"ca_ES\" \/>\n<meta property=\"og:type\" content=\"article\" \/>\n<meta property=\"og:title\" content=\"Calidoscopi Mozart - Discof\u00f2rum\" \/>\n<meta property=\"og:url\" content=\"https:\/\/troba.net\/discoforum\/calidoscopi-mozart\/\" \/>\n<meta property=\"og:site_name\" content=\"Discof\u00f2rum\" \/>\n<meta property=\"article:published_time\" content=\"2024-03-03T09:50:10+00:00\" \/>\n<meta property=\"article:modified_time\" content=\"2026-03-23T20:13:57+00:00\" \/>\n<meta name=\"author\" content=\"Escard\u00f3\" \/>\n<meta name=\"twitter:card\" content=\"summary_large_image\" \/>\n<meta name=\"twitter:label1\" content=\"Escrit per\" \/>\n\t<meta name=\"twitter:data1\" content=\"Escard\u00f3\" \/>\n\t<meta name=\"twitter:label2\" content=\"Temps estimat de lectura\" \/>\n\t<meta name=\"twitter:data2\" content=\"4 minuts\" \/>\n<script type=\"application\/ld+json\" class=\"yoast-schema-graph\">{\"@context\":\"https:\\\/\\\/schema.org\",\"@graph\":[{\"@type\":\"Article\",\"@id\":\"https:\\\/\\\/troba.net\\\/discoforum\\\/calidoscopi-mozart\\\/#article\",\"isPartOf\":{\"@id\":\"https:\\\/\\\/troba.net\\\/discoforum\\\/calidoscopi-mozart\\\/\"},\"author\":{\"name\":\"Escard\u00f3\",\"@id\":\"https:\\\/\\\/troba.net\\\/discoforum\\\/#\\\/schema\\\/person\\\/b4d4014f8b03da5781385f24b83621ed\"},\"headline\":\"Calidoscopi Mozart\",\"datePublished\":\"2024-03-03T09:50:10+00:00\",\"dateModified\":\"2026-03-23T20:13:57+00:00\",\"mainEntityOfPage\":{\"@id\":\"https:\\\/\\\/troba.net\\\/discoforum\\\/calidoscopi-mozart\\\/\"},\"wordCount\":2,\"publisher\":{\"@id\":\"https:\\\/\\\/troba.net\\\/discoforum\\\/#organization\"},\"inLanguage\":\"ca\"},{\"@type\":\"WebPage\",\"@id\":\"https:\\\/\\\/troba.net\\\/discoforum\\\/calidoscopi-mozart\\\/\",\"url\":\"https:\\\/\\\/troba.net\\\/discoforum\\\/calidoscopi-mozart\\\/\",\"name\":\"Calidoscopi Mozart - Discof\u00f2rum\",\"isPartOf\":{\"@id\":\"https:\\\/\\\/troba.net\\\/discoforum\\\/#website\"},\"datePublished\":\"2024-03-03T09:50:10+00:00\",\"dateModified\":\"2026-03-23T20:13:57+00:00\",\"breadcrumb\":{\"@id\":\"https:\\\/\\\/troba.net\\\/discoforum\\\/calidoscopi-mozart\\\/#breadcrumb\"},\"inLanguage\":\"ca\",\"potentialAction\":[{\"@type\":\"ReadAction\",\"target\":[\"https:\\\/\\\/troba.net\\\/discoforum\\\/calidoscopi-mozart\\\/\"]}]},{\"@type\":\"BreadcrumbList\",\"@id\":\"https:\\\/\\\/troba.net\\\/discoforum\\\/calidoscopi-mozart\\\/#breadcrumb\",\"itemListElement\":[{\"@type\":\"ListItem\",\"position\":1,\"name\":\"Inici\",\"item\":\"https:\\\/\\\/troba.net\\\/discoforum\\\/\"},{\"@type\":\"ListItem\",\"position\":2,\"name\":\"Calidoscopi Mozart\"}]},{\"@type\":\"WebSite\",\"@id\":\"https:\\\/\\\/troba.net\\\/discoforum\\\/#website\",\"url\":\"https:\\\/\\\/troba.net\\\/discoforum\\\/\",\"name\":\"Discof\u00f2rum\",\"description\":\"Sessions audio-visuals de m\u00fasica cl\u00e0ssica i jazz\",\"publisher\":{\"@id\":\"https:\\\/\\\/troba.net\\\/discoforum\\\/#organization\"},\"potentialAction\":[{\"@type\":\"SearchAction\",\"target\":{\"@type\":\"EntryPoint\",\"urlTemplate\":\"https:\\\/\\\/troba.net\\\/discoforum\\\/?s={search_term_string}\"},\"query-input\":{\"@type\":\"PropertyValueSpecification\",\"valueRequired\":true,\"valueName\":\"search_term_string\"}}],\"inLanguage\":\"ca\"},{\"@type\":\"Organization\",\"@id\":\"https:\\\/\\\/troba.net\\\/discoforum\\\/#organization\",\"name\":\"Discof\u00f2rum\",\"url\":\"https:\\\/\\\/troba.net\\\/discoforum\\\/\",\"logo\":{\"@type\":\"ImageObject\",\"inLanguage\":\"ca\",\"@id\":\"https:\\\/\\\/troba.net\\\/discoforum\\\/#\\\/schema\\\/logo\\\/image\\\/\",\"url\":\"https:\\\/\\\/troba.net\\\/discoforum\\\/wp-content\\\/uploads\\\/2024\\\/03\\\/logo-discoforum-fons-blanc.png\",\"contentUrl\":\"https:\\\/\\\/troba.net\\\/discoforum\\\/wp-content\\\/uploads\\\/2024\\\/03\\\/logo-discoforum-fons-blanc.png\",\"width\":577,\"height\":73,\"caption\":\"Discof\u00f2rum\"},\"image\":{\"@id\":\"https:\\\/\\\/troba.net\\\/discoforum\\\/#\\\/schema\\\/logo\\\/image\\\/\"}},{\"@type\":\"Person\",\"@id\":\"https:\\\/\\\/troba.net\\\/discoforum\\\/#\\\/schema\\\/person\\\/b4d4014f8b03da5781385f24b83621ed\",\"name\":\"Escard\u00f3\"}]}<\/script>\n<!-- \/ Yoast SEO plugin. -->","yoast_head_json":{"title":"Calidoscopi Mozart - Discof\u00f2rum","robots":{"index":"index","follow":"follow","max-snippet":"max-snippet:-1","max-image-preview":"max-image-preview:large","max-video-preview":"max-video-preview:-1"},"canonical":"https:\/\/troba.net\/discoforum\/calidoscopi-mozart\/","og_locale":"ca_ES","og_type":"article","og_title":"Calidoscopi Mozart - Discof\u00f2rum","og_url":"https:\/\/troba.net\/discoforum\/calidoscopi-mozart\/","og_site_name":"Discof\u00f2rum","article_published_time":"2024-03-03T09:50:10+00:00","article_modified_time":"2026-03-23T20:13:57+00:00","author":"Escard\u00f3","twitter_card":"summary_large_image","twitter_misc":{"Escrit per":"Escard\u00f3","Temps estimat de lectura":"4 minuts"},"schema":{"@context":"https:\/\/schema.org","@graph":[{"@type":"Article","@id":"https:\/\/troba.net\/discoforum\/calidoscopi-mozart\/#article","isPartOf":{"@id":"https:\/\/troba.net\/discoforum\/calidoscopi-mozart\/"},"author":{"name":"Escard\u00f3","@id":"https:\/\/troba.net\/discoforum\/#\/schema\/person\/b4d4014f8b03da5781385f24b83621ed"},"headline":"Calidoscopi Mozart","datePublished":"2024-03-03T09:50:10+00:00","dateModified":"2026-03-23T20:13:57+00:00","mainEntityOfPage":{"@id":"https:\/\/troba.net\/discoforum\/calidoscopi-mozart\/"},"wordCount":2,"publisher":{"@id":"https:\/\/troba.net\/discoforum\/#organization"},"inLanguage":"ca"},{"@type":"WebPage","@id":"https:\/\/troba.net\/discoforum\/calidoscopi-mozart\/","url":"https:\/\/troba.net\/discoforum\/calidoscopi-mozart\/","name":"Calidoscopi Mozart - Discof\u00f2rum","isPartOf":{"@id":"https:\/\/troba.net\/discoforum\/#website"},"datePublished":"2024-03-03T09:50:10+00:00","dateModified":"2026-03-23T20:13:57+00:00","breadcrumb":{"@id":"https:\/\/troba.net\/discoforum\/calidoscopi-mozart\/#breadcrumb"},"inLanguage":"ca","potentialAction":[{"@type":"ReadAction","target":["https:\/\/troba.net\/discoforum\/calidoscopi-mozart\/"]}]},{"@type":"BreadcrumbList","@id":"https:\/\/troba.net\/discoforum\/calidoscopi-mozart\/#breadcrumb","itemListElement":[{"@type":"ListItem","position":1,"name":"Inici","item":"https:\/\/troba.net\/discoforum\/"},{"@type":"ListItem","position":2,"name":"Calidoscopi Mozart"}]},{"@type":"WebSite","@id":"https:\/\/troba.net\/discoforum\/#website","url":"https:\/\/troba.net\/discoforum\/","name":"Discof\u00f2rum","description":"Sessions audio-visuals de m\u00fasica cl\u00e0ssica i jazz","publisher":{"@id":"https:\/\/troba.net\/discoforum\/#organization"},"potentialAction":[{"@type":"SearchAction","target":{"@type":"EntryPoint","urlTemplate":"https:\/\/troba.net\/discoforum\/?s={search_term_string}"},"query-input":{"@type":"PropertyValueSpecification","valueRequired":true,"valueName":"search_term_string"}}],"inLanguage":"ca"},{"@type":"Organization","@id":"https:\/\/troba.net\/discoforum\/#organization","name":"Discof\u00f2rum","url":"https:\/\/troba.net\/discoforum\/","logo":{"@type":"ImageObject","inLanguage":"ca","@id":"https:\/\/troba.net\/discoforum\/#\/schema\/logo\/image\/","url":"https:\/\/troba.net\/discoforum\/wp-content\/uploads\/2024\/03\/logo-discoforum-fons-blanc.png","contentUrl":"https:\/\/troba.net\/discoforum\/wp-content\/uploads\/2024\/03\/logo-discoforum-fons-blanc.png","width":577,"height":73,"caption":"Discof\u00f2rum"},"image":{"@id":"https:\/\/troba.net\/discoforum\/#\/schema\/logo\/image\/"}},{"@type":"Person","@id":"https:\/\/troba.net\/discoforum\/#\/schema\/person\/b4d4014f8b03da5781385f24b83621ed","name":"Escard\u00f3"}]}},"_links":{"self":[{"href":"https:\/\/troba.net\/discoforum\/wp-json\/wp\/v2\/posts\/393820","targetHints":{"allow":["GET"]}}],"collection":[{"href":"https:\/\/troba.net\/discoforum\/wp-json\/wp\/v2\/posts"}],"about":[{"href":"https:\/\/troba.net\/discoforum\/wp-json\/wp\/v2\/types\/post"}],"author":[{"embeddable":true,"href":"https:\/\/troba.net\/discoforum\/wp-json\/wp\/v2\/users\/1"}],"replies":[{"embeddable":true,"href":"https:\/\/troba.net\/discoforum\/wp-json\/wp\/v2\/comments?post=393820"}],"version-history":[{"count":5,"href":"https:\/\/troba.net\/discoforum\/wp-json\/wp\/v2\/posts\/393820\/revisions"}],"predecessor-version":[{"id":399752,"href":"https:\/\/troba.net\/discoforum\/wp-json\/wp\/v2\/posts\/393820\/revisions\/399752"}],"wp:attachment":[{"href":"https:\/\/troba.net\/discoforum\/wp-json\/wp\/v2\/media?parent=393820"}],"wp:term":[{"taxonomy":"category","embeddable":true,"href":"https:\/\/troba.net\/discoforum\/wp-json\/wp\/v2\/categories?post=393820"},{"taxonomy":"post_tag","embeddable":true,"href":"https:\/\/troba.net\/discoforum\/wp-json\/wp\/v2\/tags?post=393820"}],"curies":[{"name":"wp","href":"https:\/\/api.w.org\/{rel}","templated":true}]}}