{"id":393828,"date":"2024-03-03T10:52:14","date_gmt":"2024-03-03T09:52:14","guid":{"rendered":"https:\/\/troba.net\/discoforum\/?p=393828"},"modified":"2026-03-24T13:25:52","modified_gmt":"2026-03-24T12:25:52","slug":"caleidoscopio-mozart","status":"publish","type":"post","link":"https:\/\/troba.net\/discoforum\/es\/caleidoscopio-mozart\/","title":{"rendered":"Caleidoscopio Mozart"},"content":{"rendered":"<div class=\"et_pb_section_0 et_pb_section et_section_regular et_block_section\"><span class=\"et_pb_background_pattern\"><\/span>\n<div class=\"et_pb_row_0 et_pb_row et_block_row\">\n<div class=\"et_pb_column_0 et_pb_column et_pb_column_4_4 et-last-child et_block_column et_pb_css_mix_blend_mode_passthrough\">\n<div class=\"et_pb_text_0 et_pb_text et_pb_bg_layout_light et_pb_module et_block_module\"><div class=\"et_pb_text_inner\"><h1><span style=\"text-decoration: underline;\">Caleidoscopio Mozart<br \/><\/span><\/h1>\n<h1><\/h1>\n<\/div><\/div>\n<\/div>\n<\/div>\n\n<div class=\"et_pb_row_1 et_pb_row et_pb_equal_columns et_block_row\">\n<div class=\"et_pb_column_1 et_pb_column et_pb_column_1_2 et_block_column et_pb_css_mix_blend_mode_passthrough\">\n<div class=\"et_pb_text_1 et_pb_text et_pb_bg_layout_light et_pb_module et_block_module\"><div class=\"et_pb_text_inner\"><p>12 de abril del 2023<\/p>\n<p>Presentador: Josep Izquierdo<\/p>\n<\/div><\/div>\n<\/div>\n\n<div class=\"et_pb_column_2 et_pb_column et_pb_column_1_2 et-last-child et_block_column et_pb_css_mix_blend_mode_passthrough\">\n<div class=\"et_pb_image_0 et_pb_image et_pb_module et_block_module\"><span class=\"et_pb_image_wrap\"><img loading=\"lazy\" decoding=\"async\" src=\"https:\/\/troba.net\/discoforum\/wp-content\/uploads\/2024\/03\/Josep-Izquierdo-1.jpg\" width=\"300\" height=\"420\" srcset=\"https:\/\/troba.net\/discoforum\/wp-content\/uploads\/2024\/03\/Josep-Izquierdo-1.jpg 300w, https:\/\/troba.net\/discoforum\/wp-content\/uploads\/2024\/03\/Josep-Izquierdo-1-214x300.jpg 214w\" sizes=\"(max-width: 300px) 100vw, 300px\" class=\"wp-image-393224\" \/><\/span><\/div>\n<\/div>\n<\/div>\n<\/div>\n\n<div class=\"et_pb_section_1 et_pb_section et_section_regular et_block_section\"><span class=\"et_pb_background_pattern\"><\/span>\n<div class=\"et_pb_row_2 et_pb_row et_block_row\">\n<div class=\"et_pb_column_3 et_pb_column et_pb_column_4_4 et-last-child et_block_column et_pb_css_mix_blend_mode_passthrough\">\n<div class=\"et_pb_text_2 et_pb_text et_pb_bg_layout_light et_pb_module et_block_module\"><div class=\"et_pb_text_inner\"><p>Programa<\/p>\n<\/div><\/div>\n<\/div>\n<\/div>\n\n<div class=\"et_pb_row_3 et_pb_row et_pb_equal_columns et_block_row\">\n<div class=\"et_pb_column_4 et_pb_column et_pb_column_1_2 et_block_column et_pb_css_mix_blend_mode_passthrough\">\n<div class=\"et_pb_image_1 et_pb_image et_pb_module et_block_module\"><span class=\"et_pb_image_wrap\"><img loading=\"lazy\" decoding=\"async\" src=\"https:\/\/troba.net\/discoforum\/wp-content\/uploads\/2024\/03\/Mozart-900x600-1-1.jpeg\" width=\"900\" height=\"600\" srcset=\"https:\/\/troba.net\/discoforum\/wp-content\/uploads\/2024\/03\/Mozart-900x600-1-1.jpeg 900w, https:\/\/troba.net\/discoforum\/wp-content\/uploads\/2024\/03\/Mozart-900x600-1-1-480x320.jpeg 480w\" sizes=\"(min-width: 0px) and (max-width: 480px) 480px, (min-width: 481px) 900px, 100vw\" class=\"wp-image-393565\" title=\"1-notes-16-900x600\" \/><\/span><\/div>\n\n<div class=\"et_pb_text_3 et_pb_text et_pb_bg_layout_light et_pb_module et_block_module\"><div class=\"et_pb_text_inner\"><h2><span style=\"text-decoration: underline; color: #000080;\"><a href=\"https:\/\/troba.net\/discoforum\/wp-content\/uploads\/2024\/03\/2023-04-12-Calidoscopi-Mozart.pdf\" style=\"color: #000080; text-decoration: underline;\">Pulsa aqu\u00ed para bajarte el programa<\/a><\/span><\/h2>\n<\/div><\/div>\n<\/div>\n\n<div class=\"et_pb_column_5 et_pb_column et_pb_column_1_2 et-last-child et_block_column et_pb_css_mix_blend_mode_passthrough\">\n<div class=\"et_pb_tabs_0 et_pb_tabs et_pb_module\"><ul class=\"et_pb_tabs_controls clearfix\"><li class=\"et_pb_tab_nav_item_0 et_pb_tab_nav_item et_pb_tab_0 et_pb_tab_active\"><a class=\"et_pb_tab_nav_item_link\" href=\"#\">REPERTORIO<\/a><\/li><li class=\"et_pb_tab_nav_item_1 et_pb_tab_nav_item et_pb_tab_1\"><a class=\"et_pb_tab_nav_item_link\" href=\"#\">COMENTARIO<\/a><\/li><\/ul><div class=\"et_pb_all_tabs\">\n<div class=\"et_pb_tab_0 et_pb_tab clearfix et_pb_active_content et_pb_module et_block_module\"><div class=\"et_pb_tab_content\"><ul>\n<li>Sinfon\u00eda concertante K 364 \u2013 1r. Movim.: Allegro Maestoso \u2013 Viol\u00edn: Bomsori Kim, viola: Catarina Bodrik, orquesta: Polish Radio Chamber. Direc.: Agnieska Douzmal.<\/li>\n<li>Voi avete un cor fedele K 217 (Aria) \u2013 Soprano: Regula Mulhemann, Basel Chamber Orquestre. Direc.: Umberto Benedetti.<\/li>\n<li>Exultate jubilate \u2013 Aleluia (Arias) \u2013 Soprano: Regula Mulhemann, Staalkapelle Dresden Orquestre. Direc.: Andr\u00e9s Orozco.<\/li>\n<li>Sinfon\u00eda n\u00ba 29 en la mayor K 201 \u2013 Movim. 1 Allegro Moderato y Movim. 2 Allegro con spirito \u2013 Orquesta Filarm\u00f3nica de Viena Direc. Karl B\u00f6hm.<\/li>\n<li>Grandes arias de Mozart - Orquesta Staaskapelle de Berl\u00edn. Director: Julien Salemkour.<\/li>\n<ul>\n<li>La Flauta M\u00e1gica \"Papageno-Papagena\" \u2013 Thomas Quasthoff (bar\u00edtono) Sylvia Schwart (soprano)<\/li>\n<li>Las bodas de F\u00edgaro \"Giunse alfin il momento Deh vieni, non tardare\" \u2013 Sylvia Schwart (soprano)<\/li>\n<li>Concierto Aria for bass K 612 \"Per questa bella mano\" \u2013 Thomas Quasthoff (bajo), Cristoph Anacker (cello bajo)<\/li>\n<li>La Flauta M\u00e1gica \"Ein M\u00e4dchen oder Weibchen\" \u2013 Thomas Quasthoff (bar\u00edtono), Julien Salemkour (clavicordio)Grandes arias de Mozart - Orquesta Staaskapelle de Berl\u00edn. Director: Julien Salemkour.<\/li>\n<\/ul>\n<\/ul>\n<\/div><\/div>\n\n<div class=\"et_pb_tab_1 et_pb_tab clearfix et_pb_module et_block_module\"><div class=\"et_pb_tab_content\"><p><strong>El adjetivo mozartiano<\/strong><\/p>\n<p><em>Beethoven es el compositor del que m\u00e1s hablar\u00e1 su historia; \u00bfMozart?... \u00a1Mozart es diferente, es \u00fanico, el m\u00e1s grande!<\/em><br \/><em>Gioacchino Rossini<\/em><\/p>\n<p>Con el reconocimiento que merecen las capacidades t\u00e9cnicas intelectuales y creativas de los grandes maestros de la m\u00fasica, encorsetar su talento en una escala de valores es una tarea poco seria, un intento de imponer criterios a una expresi\u00f3n humana tan s\u00f3lo tangible desde la perspectiva individual, m\u00e1s all\u00e1 de valoraciones establecidas. Nuestro propio intelecto, con criterios art\u00edsticos y emocionales, se erige juez \u00fanico y verdadero de todas y cada una de las creaciones musicales.<\/p>\n<p>Una obra de arte es algo m\u00e1s que el dominio de la materia, es m\u00e1s abstracto, los elementos no son tan s\u00f3lo cient\u00edficamente evaluables, entran en juego elementos incontrolables que desaf\u00edan cualquier an\u00e1lisis inteligente para entrar, con pureza intr\u00ednseca, en el mundo de las emociones personales.<\/p>\n<p>La grandeza de Mozart reside precisamente en la universalidad de su m\u00fasica; la pureza y perfecci\u00f3n de sus formas han convertido a la prodigiosa belleza de su obra en un idioma de comunicaci\u00f3n entre todos los pueblos del mundo.<\/p>\n<p>Cuando utilizamos la palabra \u201cmozartiana\u201d estamos hablando de la maestr\u00eda de las t\u00e9cnicas musicales, de una sutil manifestaci\u00f3n de la m\u00fasica como elemento de expresi\u00f3n y comunicaci\u00f3n, de una trascendente poes\u00eda musical y del \u00fanico compositor que domin\u00f3 todos los lenguajes musicales conocidos hasta entonces y marc\u00f3 el camino a nuevas tendencias.<\/p>\n<p>Josep Izquierdo, nuestro ponente de hoy, nos ofrece una variada selecci\u00f3n del cat\u00e1logo del maestro, un caleidoscopio de colores musicales donde estar\u00e1n presentes tres de las formas que el maestro llev\u00f3 a extremos cercanos a la perfecci\u00f3n: la sinfon\u00eda, el aria de concierto y la \u00f3pera.<\/p>\n<\/div><\/div>\n<\/div><\/div>\n<\/div>\n<\/div>\n<\/div>\n\n<div class=\"et_pb_section_2 et_pb_section et_section_regular et_block_section\"><span class=\"et_pb_background_pattern\"><\/span>\n<div class=\"et_pb_row_4 et_pb_row et_block_row\">\n<div class=\"et_pb_column_6 et_pb_column et_pb_column_4_4 et-last-child et_block_column et_pb_css_mix_blend_mode_passthrough\">\n<div class=\"et_pb_text_4 et_pb_text et_pb_bg_layout_light et_pb_module et_block_module\"><div class=\"et_pb_text_inner\"><h4>Dos de los v\u00eddeos seleccionados, disponibles en YouTube<\/h4>\n<\/div><\/div>\n<\/div>\n<\/div>\n\n<div class=\"et_pb_row_5 et_pb_row et_pb_equal_columns et_block_row\">\n<div class=\"et_pb_column_7 et_pb_column et_pb_column_1_2 et_block_column et_pb_css_mix_blend_mode_passthrough\">\n<div class=\"et_pb_image_2 et_pb_image et_pb_module et_block_module\"><a href=\"https:\/\/www.youtube.com\/watch?v=3lUmvPI3lpw%20\"><span class=\"et_pb_image_wrap\"><img loading=\"lazy\" decoding=\"async\" src=\"https:\/\/troba.net\/discoforum\/wp-content\/uploads\/2024\/03\/Voi-avete-un-cor-fedele-1.jpg\" width=\"1280\" height=\"720\" srcset=\"https:\/\/troba.net\/discoforum\/wp-content\/uploads\/2024\/03\/Voi-avete-un-cor-fedele-1.jpg 1280w, https:\/\/troba.net\/discoforum\/wp-content\/uploads\/2024\/03\/Voi-avete-un-cor-fedele-1-980x551.jpg 980w, https:\/\/troba.net\/discoforum\/wp-content\/uploads\/2024\/03\/Voi-avete-un-cor-fedele-1-480x270.jpg 480w\" sizes=\"(min-width: 0px) and (max-width: 480px) 480px, (min-width: 481px) and (max-width: 980px) 980px, (min-width: 981px) 1280px, 100vw\" class=\"wp-image-393831\" \/><\/span><\/a><\/div>\n\n<div class=\"et_pb_text_5 et_pb_text et_pb_bg_layout_light et_pb_module et_block_module\"><div class=\"et_pb_text_inner\"><p>Voi avete un cor fedele - Soprano: Regula Mulhemann<\/p>\n<\/div><\/div>\n<\/div>\n\n<div class=\"et_pb_column_8 et_pb_column et_pb_column_1_2 et-last-child et_block_column et_pb_css_mix_blend_mode_passthrough\">\n<div class=\"et_pb_image_3 et_pb_image et_pb_module et_block_module\"><a href=\"https:\/\/www.youtube.com\/watch?v=oyf9uijG0yU%20\"><span class=\"et_pb_image_wrap\"><img loading=\"lazy\" decoding=\"async\" src=\"https:\/\/troba.net\/discoforum\/wp-content\/uploads\/2024\/03\/La-flauta-magica-Papageno-Papagena-1.jpg\" width=\"1280\" height=\"720\" srcset=\"https:\/\/troba.net\/discoforum\/wp-content\/uploads\/2024\/03\/La-flauta-magica-Papageno-Papagena-1.jpg 1280w, https:\/\/troba.net\/discoforum\/wp-content\/uploads\/2024\/03\/La-flauta-magica-Papageno-Papagena-1-980x551.jpg 980w, https:\/\/troba.net\/discoforum\/wp-content\/uploads\/2024\/03\/La-flauta-magica-Papageno-Papagena-1-480x270.jpg 480w\" sizes=\"(min-width: 0px) and (max-width: 480px) 480px, (min-width: 481px) and (max-width: 980px) 980px, (min-width: 981px) 1280px, 100vw\" class=\"wp-image-393832\" title=\"La flauta m\u00e1gica - Papageno &amp; Papagena\" \/><\/span><\/a><\/div>\n\n<div class=\"et_pb_text_6 et_pb_text et_pb_bg_layout_light et_pb_module et_block_module\"><div class=\"et_pb_text_inner\"><p>Grandes arias de Mozart - Thomas Quasthoff (bar\u00edtono) Sylvia Schwart (soprano).<\/p>\n<\/div><\/div>\n<\/div>\n<\/div>\n<\/div>","protected":false},"excerpt":{"rendered":"","protected":false},"author":1,"featured_media":0,"comment_status":"closed","ping_status":"closed","sticky":false,"template":"","format":"standard","meta":{"footnotes":""},"categories":[7],"tags":[],"class_list":["post-393828","post","type-post","status-publish","format-standard","hentry","category-sin-categoria-es"],"yoast_head":"<!-- This site is optimized with the Yoast SEO plugin v28.3 - https:\/\/yoast.com\/product\/yoast-seo-wordpress\/ -->\n<title>Caleidoscopio Mozart - Discof\u00f2rum<\/title>\n<meta name=\"robots\" content=\"index, follow, max-snippet:-1, max-image-preview:large, max-video-preview:-1\" \/>\n<link rel=\"canonical\" href=\"https:\/\/troba.net\/discoforum\/es\/caleidoscopio-mozart\/\" \/>\n<meta property=\"og:locale\" content=\"ca_ES\" \/>\n<meta property=\"og:type\" content=\"article\" \/>\n<meta property=\"og:title\" content=\"Caleidoscopio Mozart - Discof\u00f2rum\" \/>\n<meta property=\"og:url\" content=\"https:\/\/troba.net\/discoforum\/es\/caleidoscopio-mozart\/\" \/>\n<meta property=\"og:site_name\" content=\"Discof\u00f2rum\" \/>\n<meta property=\"article:published_time\" content=\"2024-03-03T09:52:14+00:00\" \/>\n<meta property=\"article:modified_time\" content=\"2026-03-24T12:25:52+00:00\" \/>\n<meta name=\"author\" content=\"Escard\u00f3\" \/>\n<meta name=\"twitter:card\" content=\"summary_large_image\" \/>\n<meta name=\"twitter:label1\" content=\"Escrit per\" \/>\n\t<meta name=\"twitter:data1\" content=\"Escard\u00f3\" \/>\n\t<meta name=\"twitter:label2\" content=\"Temps estimat de lectura\" \/>\n\t<meta name=\"twitter:data2\" content=\"4 minuts\" \/>\n<script type=\"application\/ld+json\" class=\"yoast-schema-graph\">{\"@context\":\"https:\\\/\\\/schema.org\",\"@graph\":[{\"@type\":\"Article\",\"@id\":\"https:\\\/\\\/troba.net\\\/discoforum\\\/es\\\/caleidoscopio-mozart\\\/#article\",\"isPartOf\":{\"@id\":\"https:\\\/\\\/troba.net\\\/discoforum\\\/es\\\/caleidoscopio-mozart\\\/\"},\"author\":{\"name\":\"Escard\u00f3\",\"@id\":\"https:\\\/\\\/troba.net\\\/discoforum\\\/#\\\/schema\\\/person\\\/b4d4014f8b03da5781385f24b83621ed\"},\"headline\":\"Caleidoscopio Mozart\",\"datePublished\":\"2024-03-03T09:52:14+00:00\",\"dateModified\":\"2026-03-24T12:25:52+00:00\",\"mainEntityOfPage\":{\"@id\":\"https:\\\/\\\/troba.net\\\/discoforum\\\/es\\\/caleidoscopio-mozart\\\/\"},\"wordCount\":2,\"publisher\":{\"@id\":\"https:\\\/\\\/troba.net\\\/discoforum\\\/#organization\"},\"articleSection\":[\"Sin categor\u00eda\"],\"inLanguage\":\"ca\"},{\"@type\":\"WebPage\",\"@id\":\"https:\\\/\\\/troba.net\\\/discoforum\\\/es\\\/caleidoscopio-mozart\\\/\",\"url\":\"https:\\\/\\\/troba.net\\\/discoforum\\\/es\\\/caleidoscopio-mozart\\\/\",\"name\":\"Caleidoscopio Mozart - Discof\u00f2rum\",\"isPartOf\":{\"@id\":\"https:\\\/\\\/troba.net\\\/discoforum\\\/#website\"},\"datePublished\":\"2024-03-03T09:52:14+00:00\",\"dateModified\":\"2026-03-24T12:25:52+00:00\",\"breadcrumb\":{\"@id\":\"https:\\\/\\\/troba.net\\\/discoforum\\\/es\\\/caleidoscopio-mozart\\\/#breadcrumb\"},\"inLanguage\":\"ca\",\"potentialAction\":[{\"@type\":\"ReadAction\",\"target\":[\"https:\\\/\\\/troba.net\\\/discoforum\\\/es\\\/caleidoscopio-mozart\\\/\"]}]},{\"@type\":\"BreadcrumbList\",\"@id\":\"https:\\\/\\\/troba.net\\\/discoforum\\\/es\\\/caleidoscopio-mozart\\\/#breadcrumb\",\"itemListElement\":[{\"@type\":\"ListItem\",\"position\":1,\"name\":\"Inici\",\"item\":\"https:\\\/\\\/troba.net\\\/discoforum\\\/\"},{\"@type\":\"ListItem\",\"position\":2,\"name\":\"Caleidoscopio Mozart\"}]},{\"@type\":\"WebSite\",\"@id\":\"https:\\\/\\\/troba.net\\\/discoforum\\\/#website\",\"url\":\"https:\\\/\\\/troba.net\\\/discoforum\\\/\",\"name\":\"Discof\u00f2rum\",\"description\":\"Sessions audio-visuals de m\u00fasica cl\u00e0ssica i jazz\",\"publisher\":{\"@id\":\"https:\\\/\\\/troba.net\\\/discoforum\\\/#organization\"},\"potentialAction\":[{\"@type\":\"SearchAction\",\"target\":{\"@type\":\"EntryPoint\",\"urlTemplate\":\"https:\\\/\\\/troba.net\\\/discoforum\\\/?s={search_term_string}\"},\"query-input\":{\"@type\":\"PropertyValueSpecification\",\"valueRequired\":true,\"valueName\":\"search_term_string\"}}],\"inLanguage\":\"ca\"},{\"@type\":\"Organization\",\"@id\":\"https:\\\/\\\/troba.net\\\/discoforum\\\/#organization\",\"name\":\"Discof\u00f2rum\",\"url\":\"https:\\\/\\\/troba.net\\\/discoforum\\\/\",\"logo\":{\"@type\":\"ImageObject\",\"inLanguage\":\"ca\",\"@id\":\"https:\\\/\\\/troba.net\\\/discoforum\\\/#\\\/schema\\\/logo\\\/image\\\/\",\"url\":\"https:\\\/\\\/troba.net\\\/discoforum\\\/wp-content\\\/uploads\\\/2024\\\/03\\\/logo-discoforum-fons-blanc.png\",\"contentUrl\":\"https:\\\/\\\/troba.net\\\/discoforum\\\/wp-content\\\/uploads\\\/2024\\\/03\\\/logo-discoforum-fons-blanc.png\",\"width\":577,\"height\":73,\"caption\":\"Discof\u00f2rum\"},\"image\":{\"@id\":\"https:\\\/\\\/troba.net\\\/discoforum\\\/#\\\/schema\\\/logo\\\/image\\\/\"}},{\"@type\":\"Person\",\"@id\":\"https:\\\/\\\/troba.net\\\/discoforum\\\/#\\\/schema\\\/person\\\/b4d4014f8b03da5781385f24b83621ed\",\"name\":\"Escard\u00f3\"}]}<\/script>\n<!-- \/ Yoast SEO plugin. -->","yoast_head_json":{"title":"Caleidoscopio Mozart - Discof\u00f2rum","robots":{"index":"index","follow":"follow","max-snippet":"max-snippet:-1","max-image-preview":"max-image-preview:large","max-video-preview":"max-video-preview:-1"},"canonical":"https:\/\/troba.net\/discoforum\/es\/caleidoscopio-mozart\/","og_locale":"ca_ES","og_type":"article","og_title":"Caleidoscopio Mozart - Discof\u00f2rum","og_url":"https:\/\/troba.net\/discoforum\/es\/caleidoscopio-mozart\/","og_site_name":"Discof\u00f2rum","article_published_time":"2024-03-03T09:52:14+00:00","article_modified_time":"2026-03-24T12:25:52+00:00","author":"Escard\u00f3","twitter_card":"summary_large_image","twitter_misc":{"Escrit per":"Escard\u00f3","Temps estimat de lectura":"4 minuts"},"schema":{"@context":"https:\/\/schema.org","@graph":[{"@type":"Article","@id":"https:\/\/troba.net\/discoforum\/es\/caleidoscopio-mozart\/#article","isPartOf":{"@id":"https:\/\/troba.net\/discoforum\/es\/caleidoscopio-mozart\/"},"author":{"name":"Escard\u00f3","@id":"https:\/\/troba.net\/discoforum\/#\/schema\/person\/b4d4014f8b03da5781385f24b83621ed"},"headline":"Caleidoscopio Mozart","datePublished":"2024-03-03T09:52:14+00:00","dateModified":"2026-03-24T12:25:52+00:00","mainEntityOfPage":{"@id":"https:\/\/troba.net\/discoforum\/es\/caleidoscopio-mozart\/"},"wordCount":2,"publisher":{"@id":"https:\/\/troba.net\/discoforum\/#organization"},"articleSection":["Sin categor\u00eda"],"inLanguage":"ca"},{"@type":"WebPage","@id":"https:\/\/troba.net\/discoforum\/es\/caleidoscopio-mozart\/","url":"https:\/\/troba.net\/discoforum\/es\/caleidoscopio-mozart\/","name":"Caleidoscopio Mozart - Discof\u00f2rum","isPartOf":{"@id":"https:\/\/troba.net\/discoforum\/#website"},"datePublished":"2024-03-03T09:52:14+00:00","dateModified":"2026-03-24T12:25:52+00:00","breadcrumb":{"@id":"https:\/\/troba.net\/discoforum\/es\/caleidoscopio-mozart\/#breadcrumb"},"inLanguage":"ca","potentialAction":[{"@type":"ReadAction","target":["https:\/\/troba.net\/discoforum\/es\/caleidoscopio-mozart\/"]}]},{"@type":"BreadcrumbList","@id":"https:\/\/troba.net\/discoforum\/es\/caleidoscopio-mozart\/#breadcrumb","itemListElement":[{"@type":"ListItem","position":1,"name":"Inici","item":"https:\/\/troba.net\/discoforum\/"},{"@type":"ListItem","position":2,"name":"Caleidoscopio Mozart"}]},{"@type":"WebSite","@id":"https:\/\/troba.net\/discoforum\/#website","url":"https:\/\/troba.net\/discoforum\/","name":"Discof\u00f2rum","description":"Sessions audio-visuals de m\u00fasica cl\u00e0ssica i jazz","publisher":{"@id":"https:\/\/troba.net\/discoforum\/#organization"},"potentialAction":[{"@type":"SearchAction","target":{"@type":"EntryPoint","urlTemplate":"https:\/\/troba.net\/discoforum\/?s={search_term_string}"},"query-input":{"@type":"PropertyValueSpecification","valueRequired":true,"valueName":"search_term_string"}}],"inLanguage":"ca"},{"@type":"Organization","@id":"https:\/\/troba.net\/discoforum\/#organization","name":"Discof\u00f2rum","url":"https:\/\/troba.net\/discoforum\/","logo":{"@type":"ImageObject","inLanguage":"ca","@id":"https:\/\/troba.net\/discoforum\/#\/schema\/logo\/image\/","url":"https:\/\/troba.net\/discoforum\/wp-content\/uploads\/2024\/03\/logo-discoforum-fons-blanc.png","contentUrl":"https:\/\/troba.net\/discoforum\/wp-content\/uploads\/2024\/03\/logo-discoforum-fons-blanc.png","width":577,"height":73,"caption":"Discof\u00f2rum"},"image":{"@id":"https:\/\/troba.net\/discoforum\/#\/schema\/logo\/image\/"}},{"@type":"Person","@id":"https:\/\/troba.net\/discoforum\/#\/schema\/person\/b4d4014f8b03da5781385f24b83621ed","name":"Escard\u00f3"}]}},"_links":{"self":[{"href":"https:\/\/troba.net\/discoforum\/wp-json\/wp\/v2\/posts\/393828","targetHints":{"allow":["GET"]}}],"collection":[{"href":"https:\/\/troba.net\/discoforum\/wp-json\/wp\/v2\/posts"}],"about":[{"href":"https:\/\/troba.net\/discoforum\/wp-json\/wp\/v2\/types\/post"}],"author":[{"embeddable":true,"href":"https:\/\/troba.net\/discoforum\/wp-json\/wp\/v2\/users\/1"}],"replies":[{"embeddable":true,"href":"https:\/\/troba.net\/discoforum\/wp-json\/wp\/v2\/comments?post=393828"}],"version-history":[{"count":5,"href":"https:\/\/troba.net\/discoforum\/wp-json\/wp\/v2\/posts\/393828\/revisions"}],"predecessor-version":[{"id":399963,"href":"https:\/\/troba.net\/discoforum\/wp-json\/wp\/v2\/posts\/393828\/revisions\/399963"}],"wp:attachment":[{"href":"https:\/\/troba.net\/discoforum\/wp-json\/wp\/v2\/media?parent=393828"}],"wp:term":[{"taxonomy":"category","embeddable":true,"href":"https:\/\/troba.net\/discoforum\/wp-json\/wp\/v2\/categories?post=393828"},{"taxonomy":"post_tag","embeddable":true,"href":"https:\/\/troba.net\/discoforum\/wp-json\/wp\/v2\/tags?post=393828"}],"curies":[{"name":"wp","href":"https:\/\/api.w.org\/{rel}","templated":true}]}}